{"id":21478,"date":"2024-11-13T13:55:32","date_gmt":"2024-11-13T13:55:32","guid":{"rendered":"https:\/\/integracee.es\/?p=21478"},"modified":"2024-11-13T13:55:35","modified_gmt":"2024-11-13T13:55:35","slug":"exito-de-participacion-en-la-xv-feria-de-empleo-para-personas-con-discapacidad-de-la-comunidad-de-madrid","status":"publish","type":"post","link":"https:\/\/integracee.es\/gl\/noticias\/exito-de-participacion-en-la-xv-feria-de-empleo-para-personas-con-discapacidad-de-la-comunidad-de-madrid\/","title":{"rendered":"\u00c9xito de participaci\u00f3n en la XV Feria de Empleo para Personas con Discapacidad de la Comunidad de Madrid"},"content":{"rendered":"\n<figure class=\"wp-block-image size-large\"><img loading=\"lazy\" decoding=\"async\" width=\"1024\" height=\"768\" src=\"https:\/\/integracee.es\/wp-content\/uploads\/2024\/11\/IMG-20241111-WA0041-1024x768.jpg\" alt=\"\" class=\"wp-image-21483\" srcset=\"https:\/\/integracee.es\/wp-content\/uploads\/2024\/11\/IMG-20241111-WA0041-1024x768.jpg 1024w, https:\/\/integracee.es\/wp-content\/uploads\/2024\/11\/IMG-20241111-WA0041-300x225.jpg 300w, https:\/\/integracee.es\/wp-content\/uploads\/2024\/11\/IMG-20241111-WA0041-768x576.jpg 768w, https:\/\/integracee.es\/wp-content\/uploads\/2024\/11\/IMG-20241111-WA0041-1536x1152.jpg 1536w, https:\/\/integracee.es\/wp-content\/uploads\/2024\/11\/IMG-20241111-WA0041-2048x1536.jpg 2048w\" sizes=\"auto, (max-width: 1024px) 100vw, 1024px\" \/><\/figure>\n\n\n\n<p>La Comunidad de Madrid organiz\u00f3 los d\u00edas 11 y 12 de noviembre la <strong>XV Feria de Empleo para Personas con Discapacidad<\/strong>, un evento anual para conectar con talento, explorar nuevas oportunidades laborales y promover un mercado laboral inclusivo.<\/p>\n\n\n\n<p>El encuentro reuni\u00f3 a m\u00e1s de 200 empresas de la regi\u00f3n comprometidas con la inclusi\u00f3n sociolaboral. Entre ellas, Integra CEE, desde donde buscamos cubrir m\u00e1s de 50 vacantes en las \u00e1reas de limpieza y servicios auxiliares. <\/p>\n\n\n\n<p>Nuestro equipo de Selecci\u00f3n atendi\u00f3 a numerosas personas interesadas en encontrar una oportunidad laboral. Se recogieron un total de 348 candidaturas en nuestro estand y se realizaron 22 nuevos registros en nuestro <a href=\"https:\/\/canaldeempleo.es\/INTEGRACEE\/\" target=\"_blank\" rel=\"noreferrer noopener\">Canal de Empleo<\/a>. \u00a0<\/p>\n\n\n\n<p>Estos datos reflejan el \u00e9xito de la feria, la cual posibilitar\u00e1 la inserci\u00f3n laboral de muchas personas con discapacidad que se encuentran desempleadas actualmente.<\/p>\n\n\n\n<figure class=\"wp-block-gallery has-nested-images columns-default is-cropped wp-block-gallery-1 is-layout-flex wp-block-gallery-is-layout-flex\">\n<figure class=\"wp-block-image size-large\"><img loading=\"lazy\" decoding=\"async\" width=\"1024\" height=\"640\" data-id=\"21490\" src=\"https:\/\/integracee.es\/wp-content\/uploads\/2024\/11\/IMG-20241111-WA0001-1024x640.jpg\" alt=\"\" class=\"wp-image-21490\" srcset=\"https:\/\/integracee.es\/wp-content\/uploads\/2024\/11\/IMG-20241111-WA0001-1024x640.jpg 1024w, https:\/\/integracee.es\/wp-content\/uploads\/2024\/11\/IMG-20241111-WA0001-300x188.jpg 300w, https:\/\/integracee.es\/wp-content\/uploads\/2024\/11\/IMG-20241111-WA0001-768x480.jpg 768w, https:\/\/integracee.es\/wp-content\/uploads\/2024\/11\/IMG-20241111-WA0001.jpg 1200w\" sizes=\"auto, (max-width: 1024px) 100vw, 1024px\" \/><\/figure>\n\n\n\n<figure class=\"wp-block-image size-large\"><img loading=\"lazy\" decoding=\"async\" width=\"1024\" height=\"640\" data-id=\"21489\" src=\"https:\/\/integracee.es\/wp-content\/uploads\/2024\/11\/IMG-20241111-WA0021-1024x640.jpg\" alt=\"\" class=\"wp-image-21489\" srcset=\"https:\/\/integracee.es\/wp-content\/uploads\/2024\/11\/IMG-20241111-WA0021-1024x640.jpg 1024w, https:\/\/integracee.es\/wp-content\/uploads\/2024\/11\/IMG-20241111-WA0021-300x188.jpg 300w, https:\/\/integracee.es\/wp-content\/uploads\/2024\/11\/IMG-20241111-WA0021-768x480.jpg 768w, https:\/\/integracee.es\/wp-content\/uploads\/2024\/11\/IMG-20241111-WA0021.jpg 1200w\" sizes=\"auto, (max-width: 1024px) 100vw, 1024px\" \/><\/figure>\n<\/figure>\n","protected":false},"excerpt":{"rendered":"<p>La Comunidad de Madrid organiz\u00f3 los d\u00edas 11 y 12 de noviembre la XV Feria de Empleo para Personas con Discapacidad, un evento anual para conectar con talento, explorar nuevas oportunidades laborales y promover un mercado laboral inclusivo. El encuentro reuni\u00f3 a m\u00e1s de 200 empresas de la regi\u00f3n comprometidas con la inclusi\u00f3n sociolaboral. Entre [&hellip;]<\/p>\n","protected":false},"author":22,"featured_media":21479,"comment_status":"open","ping_status":"closed","sticky":false,"template":"","format":"standard","meta":{"footnotes":""},"categories":[120],"tags":[54,56,49,99],"class_list":["post-21478","post","type-post","status-publish","format-standard","has-post-thumbnail","hentry","category-noticias","tag-discapacidad","tag-empleo","tag-inclusion-sociolaboral","tag-integra-cee"],"yoast_head":"<!-- This site is optimized with the Yoast SEO plugin v27.4 - https:\/\/yoast.com\/product\/yoast-seo-wordpress\/ -->\n<title>\u00c9xito de participaci\u00f3n en la XV Feria de Empleo para Personas con Discapacidad de la Comunidad de Madrid - Integra CEE | Centro especial de empleo<\/title>\n<meta name=\"robots\" content=\"index, follow, max-snippet:-1, max-image-preview:large, max-video-preview:-1\" \/>\n<link rel=\"canonical\" href=\"https:\/\/integracee.es\/gl\/noticias\/exito-de-participacion-en-la-xv-feria-de-empleo-para-personas-con-discapacidad-de-la-comunidad-de-madrid\/\" \/>\n<meta property=\"og:locale\" content=\"gl_ES\" \/>\n<meta property=\"og:type\" content=\"article\" \/>\n<meta property=\"og:title\" content=\"\u00c9xito de participaci\u00f3n en la XV Feria de Empleo para Personas con Discapacidad de la Comunidad de Madrid - Integra CEE | Centro especial de empleo\" \/>\n<meta property=\"og:description\" content=\"La Comunidad de Madrid organiz\u00f3 los d\u00edas 11 y 12 de noviembre la XV Feria de Empleo para Personas con Discapacidad, un evento anual para conectar con talento, explorar nuevas oportunidades laborales y promover un mercado laboral inclusivo. El encuentro reuni\u00f3 a m\u00e1s de 200 empresas de la regi\u00f3n comprometidas con la inclusi\u00f3n sociolaboral. Entre [&hellip;]\" \/>\n<meta property=\"og:url\" content=\"https:\/\/integracee.es\/gl\/noticias\/exito-de-participacion-en-la-xv-feria-de-empleo-para-personas-con-discapacidad-de-la-comunidad-de-madrid\/\" \/>\n<meta property=\"og:site_name\" content=\"Integra CEE | Centro especial de empleo\" \/>\n<meta property=\"article:publisher\" content=\"https:\/\/www.facebook.com\/integracee\/\" \/>\n<meta property=\"article:published_time\" content=\"2024-11-13T13:55:32+00:00\" \/>\n<meta property=\"article:modified_time\" content=\"2024-11-13T13:55:35+00:00\" \/>\n<meta property=\"og:image\" content=\"https:\/\/integracee.es\/wp-content\/uploads\/2024\/11\/wen-integra.jpg\" \/>\n\t<meta property=\"og:image:width\" content=\"412\" \/>\n\t<meta property=\"og:image:height\" content=\"500\" \/>\n\t<meta property=\"og:image:type\" content=\"image\/jpeg\" \/>\n<meta name=\"author\" content=\"Virginia Carretero Garc\u00eda\" \/>\n<meta name=\"twitter:card\" content=\"summary_large_image\" \/>\n<meta name=\"twitter:creator\" content=\"@integracee\" \/>\n<meta name=\"twitter:site\" content=\"@integracee\" \/>\n<meta name=\"twitter:label1\" content=\"Escrito por\" \/>\n\t<meta name=\"twitter:data1\" content=\"Virginia Carretero Garc\u00eda\" \/>\n\t<meta name=\"twitter:label2\" content=\"Tempo de lectura\" \/>\n\t<meta name=\"twitter:data2\" content=\"2 minutos\" \/>\n<script type=\"application\/ld+json\" class=\"yoast-schema-graph\">{\"@context\":\"https:\\\/\\\/schema.org\",\"@graph\":[{\"@type\":\"Article\",\"@id\":\"https:\\\/\\\/integracee.es\\\/gl\\\/noticias\\\/exito-de-participacion-en-la-xv-feria-de-empleo-para-personas-con-discapacidad-de-la-comunidad-de-madrid\\\/#article\",\"isPartOf\":{\"@id\":\"https:\\\/\\\/integracee.es\\\/gl\\\/noticias\\\/exito-de-participacion-en-la-xv-feria-de-empleo-para-personas-con-discapacidad-de-la-comunidad-de-madrid\\\/\"},\"author\":{\"name\":\"Virginia Carretero Garc\u00eda\",\"@id\":\"https:\\\/\\\/integracee.es\\\/gl\\\/#\\\/schema\\\/person\\\/9b0093984b577bd4c501cd3e7cb0e192\"},\"headline\":\"\u00c9xito de participaci\u00f3n en la XV Feria de Empleo para Personas con Discapacidad de la Comunidad de Madrid\",\"datePublished\":\"2024-11-13T13:55:32+00:00\",\"dateModified\":\"2024-11-13T13:55:35+00:00\",\"mainEntityOfPage\":{\"@id\":\"https:\\\/\\\/integracee.es\\\/gl\\\/noticias\\\/exito-de-participacion-en-la-xv-feria-de-empleo-para-personas-con-discapacidad-de-la-comunidad-de-madrid\\\/\"},\"wordCount\":153,\"commentCount\":0,\"publisher\":{\"@id\":\"https:\\\/\\\/integracee.es\\\/gl\\\/#organization\"},\"image\":{\"@id\":\"https:\\\/\\\/integracee.es\\\/gl\\\/noticias\\\/exito-de-participacion-en-la-xv-feria-de-empleo-para-personas-con-discapacidad-de-la-comunidad-de-madrid\\\/#primaryimage\"},\"thumbnailUrl\":\"https:\\\/\\\/integracee.es\\\/wp-content\\\/uploads\\\/2024\\\/11\\\/wen-integra.jpg\",\"keywords\":[\"discapacidad\",\"empleo\",\"Inclusi\u00f3n Sociolaboral\",\"Integra CEE\"],\"articleSection\":[\"Noticias\"],\"inLanguage\":\"gl-ES\",\"potentialAction\":[{\"@type\":\"CommentAction\",\"name\":\"Comment\",\"target\":[\"https:\\\/\\\/integracee.es\\\/gl\\\/noticias\\\/exito-de-participacion-en-la-xv-feria-de-empleo-para-personas-con-discapacidad-de-la-comunidad-de-madrid\\\/#respond\"]}]},{\"@type\":\"WebPage\",\"@id\":\"https:\\\/\\\/integracee.es\\\/gl\\\/noticias\\\/exito-de-participacion-en-la-xv-feria-de-empleo-para-personas-con-discapacidad-de-la-comunidad-de-madrid\\\/\",\"url\":\"https:\\\/\\\/integracee.es\\\/gl\\\/noticias\\\/exito-de-participacion-en-la-xv-feria-de-empleo-para-personas-con-discapacidad-de-la-comunidad-de-madrid\\\/\",\"name\":\"\u00c9xito de participaci\u00f3n en la XV Feria de Empleo para Personas con Discapacidad de la Comunidad de Madrid - Integra CEE | Centro especial de empleo\",\"isPartOf\":{\"@id\":\"https:\\\/\\\/integracee.es\\\/gl\\\/#website\"},\"primaryImageOfPage\":{\"@id\":\"https:\\\/\\\/integracee.es\\\/gl\\\/noticias\\\/exito-de-participacion-en-la-xv-feria-de-empleo-para-personas-con-discapacidad-de-la-comunidad-de-madrid\\\/#primaryimage\"},\"image\":{\"@id\":\"https:\\\/\\\/integracee.es\\\/gl\\\/noticias\\\/exito-de-participacion-en-la-xv-feria-de-empleo-para-personas-con-discapacidad-de-la-comunidad-de-madrid\\\/#primaryimage\"},\"thumbnailUrl\":\"https:\\\/\\\/integracee.es\\\/wp-content\\\/uploads\\\/2024\\\/11\\\/wen-integra.jpg\",\"datePublished\":\"2024-11-13T13:55:32+00:00\",\"dateModified\":\"2024-11-13T13:55:35+00:00\",\"breadcrumb\":{\"@id\":\"https:\\\/\\\/integracee.es\\\/gl\\\/noticias\\\/exito-de-participacion-en-la-xv-feria-de-empleo-para-personas-con-discapacidad-de-la-comunidad-de-madrid\\\/#breadcrumb\"},\"inLanguage\":\"gl-ES\",\"potentialAction\":[{\"@type\":\"ReadAction\",\"target\":[\"https:\\\/\\\/integracee.es\\\/gl\\\/noticias\\\/exito-de-participacion-en-la-xv-feria-de-empleo-para-personas-con-discapacidad-de-la-comunidad-de-madrid\\\/\"]}]},{\"@type\":\"ImageObject\",\"inLanguage\":\"gl-ES\",\"@id\":\"https:\\\/\\\/integracee.es\\\/gl\\\/noticias\\\/exito-de-participacion-en-la-xv-feria-de-empleo-para-personas-con-discapacidad-de-la-comunidad-de-madrid\\\/#primaryimage\",\"url\":\"https:\\\/\\\/integracee.es\\\/wp-content\\\/uploads\\\/2024\\\/11\\\/wen-integra.jpg\",\"contentUrl\":\"https:\\\/\\\/integracee.es\\\/wp-content\\\/uploads\\\/2024\\\/11\\\/wen-integra.jpg\",\"width\":412,\"height\":500},{\"@type\":\"BreadcrumbList\",\"@id\":\"https:\\\/\\\/integracee.es\\\/gl\\\/noticias\\\/exito-de-participacion-en-la-xv-feria-de-empleo-para-personas-con-discapacidad-de-la-comunidad-de-madrid\\\/#breadcrumb\",\"itemListElement\":[{\"@type\":\"ListItem\",\"position\":1,\"name\":\"Portada\",\"item\":\"https:\\\/\\\/integracee.es\\\/gl\\\/\"},{\"@type\":\"ListItem\",\"position\":2,\"name\":\"\u00c9xito de participaci\u00f3n en la XV Feria de Empleo para Personas con Discapacidad de la Comunidad de Madrid\"}]},{\"@type\":\"WebSite\",\"@id\":\"https:\\\/\\\/integracee.es\\\/gl\\\/#website\",\"url\":\"https:\\\/\\\/integracee.es\\\/gl\\\/\",\"name\":\"Integra CEE | Centro especial de empleo\",\"description\":\"Contratamos talento. Promovemos inclusi\u00f3n | Medidas alternativas de empleo inclusivo | Contrataci\u00f3n de personas con discapacidad\",\"publisher\":{\"@id\":\"https:\\\/\\\/integracee.es\\\/gl\\\/#organization\"},\"potentialAction\":[{\"@type\":\"SearchAction\",\"target\":{\"@type\":\"EntryPoint\",\"urlTemplate\":\"https:\\\/\\\/integracee.es\\\/gl\\\/?s={search_term_string}\"},\"query-input\":{\"@type\":\"PropertyValueSpecification\",\"valueRequired\":true,\"valueName\":\"search_term_string\"}}],\"inLanguage\":\"gl-ES\"},{\"@type\":\"Organization\",\"@id\":\"https:\\\/\\\/integracee.es\\\/gl\\\/#organization\",\"name\":\"Integra CEE | Centro especial de empleo\",\"url\":\"https:\\\/\\\/integracee.es\\\/gl\\\/\",\"logo\":{\"@type\":\"ImageObject\",\"inLanguage\":\"gl-ES\",\"@id\":\"https:\\\/\\\/integracee.es\\\/gl\\\/#\\\/schema\\\/logo\\\/image\\\/\",\"url\":\"https:\\\/\\\/integracee.es\\\/wp-content\\\/uploads\\\/2020\\\/02\\\/logoBlanco2x-1.png\",\"contentUrl\":\"https:\\\/\\\/integracee.es\\\/wp-content\\\/uploads\\\/2020\\\/02\\\/logoBlanco2x-1.png\",\"width\":600,\"height\":235,\"caption\":\"Integra CEE | Centro especial de empleo\"},\"image\":{\"@id\":\"https:\\\/\\\/integracee.es\\\/gl\\\/#\\\/schema\\\/logo\\\/image\\\/\"},\"sameAs\":[\"https:\\\/\\\/www.facebook.com\\\/integracee\\\/\",\"https:\\\/\\\/x.com\\\/integracee\",\"https:\\\/\\\/www.linkedin.com\\\/company\\\/integra-centro-especial-de-empleo\"]},{\"@type\":\"Person\",\"@id\":\"https:\\\/\\\/integracee.es\\\/gl\\\/#\\\/schema\\\/person\\\/9b0093984b577bd4c501cd3e7cb0e192\",\"name\":\"Virginia Carretero Garc\u00eda\"}]}<\/script>\n<!-- \/ Yoast SEO plugin. -->","yoast_head_json":{"title":"\u00c9xito de participaci\u00f3n en la XV Feria de Empleo para Personas con Discapacidad de la Comunidad de Madrid - Integra CEE | Centro especial de empleo","robots":{"index":"index","follow":"follow","max-snippet":"max-snippet:-1","max-image-preview":"max-image-preview:large","max-video-preview":"max-video-preview:-1"},"canonical":"https:\/\/integracee.es\/gl\/noticias\/exito-de-participacion-en-la-xv-feria-de-empleo-para-personas-con-discapacidad-de-la-comunidad-de-madrid\/","og_locale":"gl_ES","og_type":"article","og_title":"\u00c9xito de participaci\u00f3n en la XV Feria de Empleo para Personas con Discapacidad de la Comunidad de Madrid - Integra CEE | Centro especial de empleo","og_description":"La Comunidad de Madrid organiz\u00f3 los d\u00edas 11 y 12 de noviembre la XV Feria de Empleo para Personas con Discapacidad, un evento anual para conectar con talento, explorar nuevas oportunidades laborales y promover un mercado laboral inclusivo. El encuentro reuni\u00f3 a m\u00e1s de 200 empresas de la regi\u00f3n comprometidas con la inclusi\u00f3n sociolaboral. Entre [&hellip;]","og_url":"https:\/\/integracee.es\/gl\/noticias\/exito-de-participacion-en-la-xv-feria-de-empleo-para-personas-con-discapacidad-de-la-comunidad-de-madrid\/","og_site_name":"Integra CEE | Centro especial de empleo","article_publisher":"https:\/\/www.facebook.com\/integracee\/","article_published_time":"2024-11-13T13:55:32+00:00","article_modified_time":"2024-11-13T13:55:35+00:00","og_image":[{"width":412,"height":500,"url":"https:\/\/integracee.es\/wp-content\/uploads\/2024\/11\/wen-integra.jpg","type":"image\/jpeg"}],"author":"Virginia Carretero Garc\u00eda","twitter_card":"summary_large_image","twitter_creator":"@integracee","twitter_site":"@integracee","twitter_misc":{"Escrito por":"Virginia Carretero Garc\u00eda","Tempo de lectura":"2 minutos"},"schema":{"@context":"https:\/\/schema.org","@graph":[{"@type":"Article","@id":"https:\/\/integracee.es\/gl\/noticias\/exito-de-participacion-en-la-xv-feria-de-empleo-para-personas-con-discapacidad-de-la-comunidad-de-madrid\/#article","isPartOf":{"@id":"https:\/\/integracee.es\/gl\/noticias\/exito-de-participacion-en-la-xv-feria-de-empleo-para-personas-con-discapacidad-de-la-comunidad-de-madrid\/"},"author":{"name":"Virginia Carretero Garc\u00eda","@id":"https:\/\/integracee.es\/gl\/#\/schema\/person\/9b0093984b577bd4c501cd3e7cb0e192"},"headline":"\u00c9xito de participaci\u00f3n en la XV Feria de Empleo para Personas con Discapacidad de la Comunidad de Madrid","datePublished":"2024-11-13T13:55:32+00:00","dateModified":"2024-11-13T13:55:35+00:00","mainEntityOfPage":{"@id":"https:\/\/integracee.es\/gl\/noticias\/exito-de-participacion-en-la-xv-feria-de-empleo-para-personas-con-discapacidad-de-la-comunidad-de-madrid\/"},"wordCount":153,"commentCount":0,"publisher":{"@id":"https:\/\/integracee.es\/gl\/#organization"},"image":{"@id":"https:\/\/integracee.es\/gl\/noticias\/exito-de-participacion-en-la-xv-feria-de-empleo-para-personas-con-discapacidad-de-la-comunidad-de-madrid\/#primaryimage"},"thumbnailUrl":"https:\/\/integracee.es\/wp-content\/uploads\/2024\/11\/wen-integra.jpg","keywords":["discapacidad","empleo","Inclusi\u00f3n Sociolaboral","Integra CEE"],"articleSection":["Noticias"],"inLanguage":"gl-ES","potentialAction":[{"@type":"CommentAction","name":"Comment","target":["https:\/\/integracee.es\/gl\/noticias\/exito-de-participacion-en-la-xv-feria-de-empleo-para-personas-con-discapacidad-de-la-comunidad-de-madrid\/#respond"]}]},{"@type":"WebPage","@id":"https:\/\/integracee.es\/gl\/noticias\/exito-de-participacion-en-la-xv-feria-de-empleo-para-personas-con-discapacidad-de-la-comunidad-de-madrid\/","url":"https:\/\/integracee.es\/gl\/noticias\/exito-de-participacion-en-la-xv-feria-de-empleo-para-personas-con-discapacidad-de-la-comunidad-de-madrid\/","name":"\u00c9xito de participaci\u00f3n en la XV Feria de Empleo para Personas con Discapacidad de la Comunidad de Madrid - Integra CEE | Centro especial de empleo","isPartOf":{"@id":"https:\/\/integracee.es\/gl\/#website"},"primaryImageOfPage":{"@id":"https:\/\/integracee.es\/gl\/noticias\/exito-de-participacion-en-la-xv-feria-de-empleo-para-personas-con-discapacidad-de-la-comunidad-de-madrid\/#primaryimage"},"image":{"@id":"https:\/\/integracee.es\/gl\/noticias\/exito-de-participacion-en-la-xv-feria-de-empleo-para-personas-con-discapacidad-de-la-comunidad-de-madrid\/#primaryimage"},"thumbnailUrl":"https:\/\/integracee.es\/wp-content\/uploads\/2024\/11\/wen-integra.jpg","datePublished":"2024-11-13T13:55:32+00:00","dateModified":"2024-11-13T13:55:35+00:00","breadcrumb":{"@id":"https:\/\/integracee.es\/gl\/noticias\/exito-de-participacion-en-la-xv-feria-de-empleo-para-personas-con-discapacidad-de-la-comunidad-de-madrid\/#breadcrumb"},"inLanguage":"gl-ES","potentialAction":[{"@type":"ReadAction","target":["https:\/\/integracee.es\/gl\/noticias\/exito-de-participacion-en-la-xv-feria-de-empleo-para-personas-con-discapacidad-de-la-comunidad-de-madrid\/"]}]},{"@type":"ImageObject","inLanguage":"gl-ES","@id":"https:\/\/integracee.es\/gl\/noticias\/exito-de-participacion-en-la-xv-feria-de-empleo-para-personas-con-discapacidad-de-la-comunidad-de-madrid\/#primaryimage","url":"https:\/\/integracee.es\/wp-content\/uploads\/2024\/11\/wen-integra.jpg","contentUrl":"https:\/\/integracee.es\/wp-content\/uploads\/2024\/11\/wen-integra.jpg","width":412,"height":500},{"@type":"BreadcrumbList","@id":"https:\/\/integracee.es\/gl\/noticias\/exito-de-participacion-en-la-xv-feria-de-empleo-para-personas-con-discapacidad-de-la-comunidad-de-madrid\/#breadcrumb","itemListElement":[{"@type":"ListItem","position":1,"name":"Portada","item":"https:\/\/integracee.es\/gl\/"},{"@type":"ListItem","position":2,"name":"\u00c9xito de participaci\u00f3n en la XV Feria de Empleo para Personas con Discapacidad de la Comunidad de Madrid"}]},{"@type":"WebSite","@id":"https:\/\/integracee.es\/gl\/#website","url":"https:\/\/integracee.es\/gl\/","name":"Integra CEE | Centro especial de empleo","description":"Contratamos talento. Promovemos inclusi\u00f3n | Medidas alternativas de empleo inclusivo | Contrataci\u00f3n de personas con discapacidad","publisher":{"@id":"https:\/\/integracee.es\/gl\/#organization"},"potentialAction":[{"@type":"SearchAction","target":{"@type":"EntryPoint","urlTemplate":"https:\/\/integracee.es\/gl\/?s={search_term_string}"},"query-input":{"@type":"PropertyValueSpecification","valueRequired":true,"valueName":"search_term_string"}}],"inLanguage":"gl-ES"},{"@type":"Organization","@id":"https:\/\/integracee.es\/gl\/#organization","name":"Integra CEE | Centro especial de empleo","url":"https:\/\/integracee.es\/gl\/","logo":{"@type":"ImageObject","inLanguage":"gl-ES","@id":"https:\/\/integracee.es\/gl\/#\/schema\/logo\/image\/","url":"https:\/\/integracee.es\/wp-content\/uploads\/2020\/02\/logoBlanco2x-1.png","contentUrl":"https:\/\/integracee.es\/wp-content\/uploads\/2020\/02\/logoBlanco2x-1.png","width":600,"height":235,"caption":"Integra CEE | Centro especial de empleo"},"image":{"@id":"https:\/\/integracee.es\/gl\/#\/schema\/logo\/image\/"},"sameAs":["https:\/\/www.facebook.com\/integracee\/","https:\/\/x.com\/integracee","https:\/\/www.linkedin.com\/company\/integra-centro-especial-de-empleo"]},{"@type":"Person","@id":"https:\/\/integracee.es\/gl\/#\/schema\/person\/9b0093984b577bd4c501cd3e7cb0e192","name":"Virginia Carretero Garc\u00eda"}]}},"_links":{"self":[{"href":"https:\/\/integracee.es\/gl\/wp-json\/wp\/v2\/posts\/21478","targetHints":{"allow":["GET"]}}],"collection":[{"href":"https:\/\/integracee.es\/gl\/wp-json\/wp\/v2\/posts"}],"about":[{"href":"https:\/\/integracee.es\/gl\/wp-json\/wp\/v2\/types\/post"}],"author":[{"embeddable":true,"href":"https:\/\/integracee.es\/gl\/wp-json\/wp\/v2\/users\/22"}],"replies":[{"embeddable":true,"href":"https:\/\/integracee.es\/gl\/wp-json\/wp\/v2\/comments?post=21478"}],"version-history":[{"count":4,"href":"https:\/\/integracee.es\/gl\/wp-json\/wp\/v2\/posts\/21478\/revisions"}],"predecessor-version":[{"id":21495,"href":"https:\/\/integracee.es\/gl\/wp-json\/wp\/v2\/posts\/21478\/revisions\/21495"}],"wp:featuredmedia":[{"embeddable":true,"href":"https:\/\/integracee.es\/gl\/wp-json\/wp\/v2\/media\/21479"}],"wp:attachment":[{"href":"https:\/\/integracee.es\/gl\/wp-json\/wp\/v2\/media?parent=21478"}],"wp:term":[{"taxonomy":"category","embeddable":true,"href":"https:\/\/integracee.es\/gl\/wp-json\/wp\/v2\/categories?post=21478"},{"taxonomy":"post_tag","embeddable":true,"href":"https:\/\/integracee.es\/gl\/wp-json\/wp\/v2\/tags?post=21478"}],"curies":[{"name":"wp","href":"https:\/\/api.w.org\/{rel}","templated":true}]}}