{"id":23860,"date":"2026-03-10T11:22:25","date_gmt":"2026-03-10T11:22:25","guid":{"rendered":"https:\/\/integracee.es\/?p=23860"},"modified":"2026-03-10T11:36:40","modified_gmt":"2026-03-10T11:36:40","slug":"integra-cee-8m-igualdad-mujer-empleo-femenino","status":"publish","type":"post","link":"https:\/\/integracee.es\/gl\/noticias\/integra-cee-8m-igualdad-mujer-empleo-femenino\/","title":{"rendered":"Igualdad y empleo femenino con motivo del D\u00eda Internacional de la Mujer"},"content":{"rendered":"\n<figure class=\"wp-block-image size-large\"><img loading=\"lazy\" decoding=\"async\" width=\"1024\" height=\"768\" src=\"https:\/\/integracee.es\/wp-content\/uploads\/2026\/03\/1000047718-1024x768.jpg\" alt=\"\" class=\"wp-image-23873\" srcset=\"https:\/\/integracee.es\/wp-content\/uploads\/2026\/03\/1000047718-1024x768.jpg 1024w, https:\/\/integracee.es\/wp-content\/uploads\/2026\/03\/1000047718-300x225.jpg 300w, https:\/\/integracee.es\/wp-content\/uploads\/2026\/03\/1000047718-768x576.jpg 768w, https:\/\/integracee.es\/wp-content\/uploads\/2026\/03\/1000047718-1536x1152.jpg 1536w, https:\/\/integracee.es\/wp-content\/uploads\/2026\/03\/1000047718.jpg 2040w\" sizes=\"auto, (max-width: 1024px) 100vw, 1024px\" \/><\/figure>\n\n\n\n<p><\/p>\n\n\n\n<p>Esta semana, con motivo del <strong>D\u00eda Internacional de la Mujer<\/strong>, en Integra CEE hemos desarrollado distintas jornadas de sensibilizaci\u00f3n centradas en visibilizar el empleo femenino y promover la igualdad de oportunidades.<br><br>En <strong>Valencia<\/strong>, tuvimos el privilegio de escuchar la historia de Khady Ly, compa\u00f1era de Integra CEE y usuaria de la asociaci\u00f3n <a href=\"https:\/\/www.asociacionacova.org\/\" type=\"link\" id=\"https:\/\/www.asociacionacova.org\/\" target=\"_blank\" rel=\"noreferrer noopener\">ACOVA Salud Mental<\/a>. Khady lleg\u00f3 a Espa\u00f1a desde Senegal con 42 a\u00f1os y en busca de un futuro mejor para sus hijos. Es operaria de limpieza y su constancia y compromiso han hecho que forme parte de nuestro equipo desde hace m\u00e1s de ocho a\u00f1os.<\/p>\n\n\n\n<p>En <strong>Ceuta<\/strong>, colaboramos con <a href=\"https:\/\/www.cepaim.org\/\" type=\"link\" id=\"https:\/\/www.cepaim.org\/\" target=\"_blank\" rel=\"noreferrer noopener\">CONVIVE Fundaci\u00f3n Cepaim<\/a> a trav\u00e9s de su proyecto Adelante+, que ofrece un servicio especializado de atenci\u00f3n integral a personas en situaci\u00f3n de vulnerabilidad, principalmente mujeres. Durante la jornada, celebrada en el Centro Asesor de la Mujer, dimos a conocer nuestro modelo de gesti\u00f3n social, adem\u00e1s de realizar entrevistas de trabajo individuales.<br><br>En <strong>Barcelona<\/strong>, llevamos a cabo el taller &#8220;Nuestra voz, nuestros derechos&#8221; para compartir experiencias, fortalezas y mensajes de apoyo en un mural colectivo.\u00a0Asimismo, organizamos una sesi\u00f3n de &#8220;Speed Job Dating&#8221; para impulsar la empleabilidad de mujeres con discapacidad.<br><br>Estas acciones reflejan nuestro compromiso firme con la inclusi\u00f3n sociolaboral, el acompa\u00f1amiento y la creaci\u00f3n de oportunidades laborales para todas las mujeres.<br><br>\u00a1Seguimos trabajando cada d\u00eda por una igualdad real! \ud83d\udc9c<\/p>\n\n\n\n<figure class=\"wp-block-gallery has-nested-images columns-default is-cropped wp-block-gallery-1 is-layout-flex wp-block-gallery-is-layout-flex\">\n<figure class=\"wp-block-image size-large\"><img loading=\"lazy\" decoding=\"async\" width=\"1024\" height=\"768\" data-id=\"23877\" src=\"https:\/\/integracee.es\/wp-content\/uploads\/2026\/03\/1000047726-1024x768.jpg\" alt=\"\" class=\"wp-image-23877\" srcset=\"https:\/\/integracee.es\/wp-content\/uploads\/2026\/03\/1000047726-1024x768.jpg 1024w, https:\/\/integracee.es\/wp-content\/uploads\/2026\/03\/1000047726-300x225.jpg 300w, https:\/\/integracee.es\/wp-content\/uploads\/2026\/03\/1000047726-768x576.jpg 768w, https:\/\/integracee.es\/wp-content\/uploads\/2026\/03\/1000047726-1536x1152.jpg 1536w, https:\/\/integracee.es\/wp-content\/uploads\/2026\/03\/1000047726-2048x1536.jpg 2048w\" sizes=\"auto, (max-width: 1024px) 100vw, 1024px\" \/><\/figure>\n\n\n\n<figure class=\"wp-block-image size-large\"><img loading=\"lazy\" decoding=\"async\" width=\"1024\" height=\"768\" data-id=\"23869\" src=\"https:\/\/integracee.es\/wp-content\/uploads\/2026\/03\/WhatsApp-Image-2026-03-09-at-14.52.29-1024x768.jpeg\" alt=\"\" class=\"wp-image-23869\" srcset=\"https:\/\/integracee.es\/wp-content\/uploads\/2026\/03\/WhatsApp-Image-2026-03-09-at-14.52.29-1024x768.jpeg 1024w, https:\/\/integracee.es\/wp-content\/uploads\/2026\/03\/WhatsApp-Image-2026-03-09-at-14.52.29-300x225.jpeg 300w, https:\/\/integracee.es\/wp-content\/uploads\/2026\/03\/WhatsApp-Image-2026-03-09-at-14.52.29-768x576.jpeg 768w, https:\/\/integracee.es\/wp-content\/uploads\/2026\/03\/WhatsApp-Image-2026-03-09-at-14.52.29-1536x1152.jpeg 1536w, https:\/\/integracee.es\/wp-content\/uploads\/2026\/03\/WhatsApp-Image-2026-03-09-at-14.52.29.jpeg 1600w\" sizes=\"auto, (max-width: 1024px) 100vw, 1024px\" \/><\/figure>\n\n\n\n<figure class=\"wp-block-image size-large\"><img loading=\"lazy\" decoding=\"async\" width=\"768\" height=\"1024\" data-id=\"23881\" src=\"https:\/\/integracee.es\/wp-content\/uploads\/2026\/03\/1000037320-768x1024.jpg\" alt=\"\" class=\"wp-image-23881\" srcset=\"https:\/\/integracee.es\/wp-content\/uploads\/2026\/03\/1000037320-768x1024.jpg 768w, https:\/\/integracee.es\/wp-content\/uploads\/2026\/03\/1000037320-225x300.jpg 225w, https:\/\/integracee.es\/wp-content\/uploads\/2026\/03\/1000037320-1152x1536.jpg 1152w, https:\/\/integracee.es\/wp-content\/uploads\/2026\/03\/1000037320-600x800.jpg 600w, https:\/\/integracee.es\/wp-content\/uploads\/2026\/03\/1000037320.jpg 1200w\" sizes=\"auto, (max-width: 768px) 100vw, 768px\" \/><\/figure>\n<\/figure>\n\n\n\n<p><\/p>\n","protected":false},"excerpt":{"rendered":"<p>Esta semana, con motivo del D\u00eda Internacional de la Mujer, en Integra CEE hemos desarrollado distintas jornadas de sensibilizaci\u00f3n centradas en visibilizar el empleo femenino y promover la igualdad de oportunidades. En Valencia, tuvimos el privilegio de escuchar la historia de Khady Ly, compa\u00f1era de Integra CEE y usuaria de la asociaci\u00f3n ACOVA Salud Mental. [&hellip;]<\/p>\n","protected":false},"author":22,"featured_media":23889,"comment_status":"open","ping_status":"closed","sticky":false,"template":"","format":"standard","meta":{"footnotes":""},"categories":[120],"tags":[99,162],"class_list":["post-23860","post","type-post","status-publish","format-standard","has-post-thumbnail","hentry","category-noticias","tag-integra-cee","tag-mujer"],"yoast_head":"<!-- This site is optimized with the Yoast SEO plugin v27.4 - https:\/\/yoast.com\/product\/yoast-seo-wordpress\/ -->\n<title>Igualdad y empleo femenino con Motivo del D\u00eda Internacional de la Mujer<\/title>\n<meta name=\"description\" content=\"Con motivo del D\u00eda Internacional de la Mujer, Integra CEE ha celebrado distintas jornadas de sensibilizaci\u00f3n centradas en visibilizar el empleo femenino y promover la igualdad de oportunidades.\" \/>\n<meta name=\"robots\" content=\"index, follow, max-snippet:-1, max-image-preview:large, max-video-preview:-1\" \/>\n<link rel=\"canonical\" href=\"https:\/\/integracee.es\/gl\/noticias\/integra-cee-8m-igualdad-mujer-empleo-femenino\/\" \/>\n<meta property=\"og:locale\" content=\"gl_ES\" \/>\n<meta property=\"og:type\" content=\"article\" \/>\n<meta property=\"og:title\" content=\"Igualdad y empleo femenino con Motivo del D\u00eda Internacional de la Mujer\" \/>\n<meta property=\"og:description\" content=\"Con motivo del D\u00eda Internacional de la Mujer, Integra CEE ha celebrado distintas jornadas de sensibilizaci\u00f3n centradas en visibilizar el empleo femenino y promover la igualdad de oportunidades.\" \/>\n<meta property=\"og:url\" content=\"https:\/\/integracee.es\/gl\/noticias\/integra-cee-8m-igualdad-mujer-empleo-femenino\/\" \/>\n<meta property=\"og:site_name\" content=\"Integra CEE | Centro especial de empleo\" \/>\n<meta property=\"article:publisher\" content=\"https:\/\/www.facebook.com\/integracee\/\" \/>\n<meta property=\"article:published_time\" content=\"2026-03-10T11:22:25+00:00\" \/>\n<meta property=\"article:modified_time\" content=\"2026-03-10T11:36:40+00:00\" \/>\n<meta property=\"og:image\" content=\"https:\/\/integracee.es\/wp-content\/uploads\/2026\/03\/8M-1.jpg\" \/>\n\t<meta property=\"og:image:width\" content=\"412\" \/>\n\t<meta property=\"og:image:height\" content=\"500\" \/>\n\t<meta property=\"og:image:type\" content=\"image\/jpeg\" \/>\n<meta name=\"author\" content=\"Virginia Carretero Garc\u00eda\" \/>\n<meta name=\"twitter:card\" content=\"summary_large_image\" \/>\n<meta name=\"twitter:creator\" content=\"@integracee\" \/>\n<meta name=\"twitter:site\" content=\"@integracee\" \/>\n<meta name=\"twitter:label1\" content=\"Escrito por\" \/>\n\t<meta name=\"twitter:data1\" content=\"Virginia Carretero Garc\u00eda\" \/>\n\t<meta name=\"twitter:label2\" content=\"Tempo de lectura\" \/>\n\t<meta name=\"twitter:data2\" content=\"3 minutos\" \/>\n<script type=\"application\/ld+json\" class=\"yoast-schema-graph\">{\"@context\":\"https:\\\/\\\/schema.org\",\"@graph\":[{\"@type\":\"Article\",\"@id\":\"https:\\\/\\\/integracee.es\\\/gl\\\/noticias\\\/integra-cee-8m-igualdad-mujer-empleo-femenino\\\/#article\",\"isPartOf\":{\"@id\":\"https:\\\/\\\/integracee.es\\\/gl\\\/noticias\\\/integra-cee-8m-igualdad-mujer-empleo-femenino\\\/\"},\"author\":{\"name\":\"Virginia Carretero Garc\u00eda\",\"@id\":\"https:\\\/\\\/integracee.es\\\/gl\\\/#\\\/schema\\\/person\\\/9b0093984b577bd4c501cd3e7cb0e192\"},\"headline\":\"Igualdad y empleo femenino con motivo del D\u00eda Internacional de la Mujer\",\"datePublished\":\"2026-03-10T11:22:25+00:00\",\"dateModified\":\"2026-03-10T11:36:40+00:00\",\"mainEntityOfPage\":{\"@id\":\"https:\\\/\\\/integracee.es\\\/gl\\\/noticias\\\/integra-cee-8m-igualdad-mujer-empleo-femenino\\\/\"},\"wordCount\":252,\"commentCount\":0,\"publisher\":{\"@id\":\"https:\\\/\\\/integracee.es\\\/gl\\\/#organization\"},\"image\":{\"@id\":\"https:\\\/\\\/integracee.es\\\/gl\\\/noticias\\\/integra-cee-8m-igualdad-mujer-empleo-femenino\\\/#primaryimage\"},\"thumbnailUrl\":\"https:\\\/\\\/integracee.es\\\/wp-content\\\/uploads\\\/2026\\\/03\\\/8M-1.jpg\",\"keywords\":[\"Integra CEE\",\"mujer\"],\"articleSection\":[\"Noticias\"],\"inLanguage\":\"gl-ES\",\"potentialAction\":[{\"@type\":\"CommentAction\",\"name\":\"Comment\",\"target\":[\"https:\\\/\\\/integracee.es\\\/gl\\\/noticias\\\/integra-cee-8m-igualdad-mujer-empleo-femenino\\\/#respond\"]}]},{\"@type\":\"WebPage\",\"@id\":\"https:\\\/\\\/integracee.es\\\/gl\\\/noticias\\\/integra-cee-8m-igualdad-mujer-empleo-femenino\\\/\",\"url\":\"https:\\\/\\\/integracee.es\\\/gl\\\/noticias\\\/integra-cee-8m-igualdad-mujer-empleo-femenino\\\/\",\"name\":\"Igualdad y empleo femenino con Motivo del D\u00eda Internacional de la Mujer\",\"isPartOf\":{\"@id\":\"https:\\\/\\\/integracee.es\\\/gl\\\/#website\"},\"primaryImageOfPage\":{\"@id\":\"https:\\\/\\\/integracee.es\\\/gl\\\/noticias\\\/integra-cee-8m-igualdad-mujer-empleo-femenino\\\/#primaryimage\"},\"image\":{\"@id\":\"https:\\\/\\\/integracee.es\\\/gl\\\/noticias\\\/integra-cee-8m-igualdad-mujer-empleo-femenino\\\/#primaryimage\"},\"thumbnailUrl\":\"https:\\\/\\\/integracee.es\\\/wp-content\\\/uploads\\\/2026\\\/03\\\/8M-1.jpg\",\"datePublished\":\"2026-03-10T11:22:25+00:00\",\"dateModified\":\"2026-03-10T11:36:40+00:00\",\"description\":\"Con motivo del D\u00eda Internacional de la Mujer, Integra CEE ha celebrado distintas jornadas de sensibilizaci\u00f3n centradas en visibilizar el empleo femenino y promover la igualdad de oportunidades.\",\"breadcrumb\":{\"@id\":\"https:\\\/\\\/integracee.es\\\/gl\\\/noticias\\\/integra-cee-8m-igualdad-mujer-empleo-femenino\\\/#breadcrumb\"},\"inLanguage\":\"gl-ES\",\"potentialAction\":[{\"@type\":\"ReadAction\",\"target\":[\"https:\\\/\\\/integracee.es\\\/gl\\\/noticias\\\/integra-cee-8m-igualdad-mujer-empleo-femenino\\\/\"]}]},{\"@type\":\"ImageObject\",\"inLanguage\":\"gl-ES\",\"@id\":\"https:\\\/\\\/integracee.es\\\/gl\\\/noticias\\\/integra-cee-8m-igualdad-mujer-empleo-femenino\\\/#primaryimage\",\"url\":\"https:\\\/\\\/integracee.es\\\/wp-content\\\/uploads\\\/2026\\\/03\\\/8M-1.jpg\",\"contentUrl\":\"https:\\\/\\\/integracee.es\\\/wp-content\\\/uploads\\\/2026\\\/03\\\/8M-1.jpg\",\"width\":412,\"height\":500,\"caption\":\"Cartel del D\u00eda Internacional de la Mujer con el mensaje \u201cLa igualdad de oportunidades no es opcional\u201d. Incluye una ilustraci\u00f3n con dos opciones: \u201cDesigualdad\u201d sin marcar e \u201cIgualdad\u201d con una casilla marcada en verde por un cursor.\"},{\"@type\":\"BreadcrumbList\",\"@id\":\"https:\\\/\\\/integracee.es\\\/gl\\\/noticias\\\/integra-cee-8m-igualdad-mujer-empleo-femenino\\\/#breadcrumb\",\"itemListElement\":[{\"@type\":\"ListItem\",\"position\":1,\"name\":\"Portada\",\"item\":\"https:\\\/\\\/integracee.es\\\/gl\\\/\"},{\"@type\":\"ListItem\",\"position\":2,\"name\":\"Igualdad y empleo femenino con motivo del D\u00eda Internacional de la Mujer\"}]},{\"@type\":\"WebSite\",\"@id\":\"https:\\\/\\\/integracee.es\\\/gl\\\/#website\",\"url\":\"https:\\\/\\\/integracee.es\\\/gl\\\/\",\"name\":\"Integra CEE | Centro especial de empleo\",\"description\":\"Contratamos talento. Promovemos inclusi\u00f3n | Medidas alternativas de empleo inclusivo | Contrataci\u00f3n de personas con discapacidad\",\"publisher\":{\"@id\":\"https:\\\/\\\/integracee.es\\\/gl\\\/#organization\"},\"potentialAction\":[{\"@type\":\"SearchAction\",\"target\":{\"@type\":\"EntryPoint\",\"urlTemplate\":\"https:\\\/\\\/integracee.es\\\/gl\\\/?s={search_term_string}\"},\"query-input\":{\"@type\":\"PropertyValueSpecification\",\"valueRequired\":true,\"valueName\":\"search_term_string\"}}],\"inLanguage\":\"gl-ES\"},{\"@type\":\"Organization\",\"@id\":\"https:\\\/\\\/integracee.es\\\/gl\\\/#organization\",\"name\":\"Integra CEE | Centro especial de empleo\",\"url\":\"https:\\\/\\\/integracee.es\\\/gl\\\/\",\"logo\":{\"@type\":\"ImageObject\",\"inLanguage\":\"gl-ES\",\"@id\":\"https:\\\/\\\/integracee.es\\\/gl\\\/#\\\/schema\\\/logo\\\/image\\\/\",\"url\":\"https:\\\/\\\/integracee.es\\\/wp-content\\\/uploads\\\/2020\\\/02\\\/logoBlanco2x-1.png\",\"contentUrl\":\"https:\\\/\\\/integracee.es\\\/wp-content\\\/uploads\\\/2020\\\/02\\\/logoBlanco2x-1.png\",\"width\":600,\"height\":235,\"caption\":\"Integra CEE | Centro especial de empleo\"},\"image\":{\"@id\":\"https:\\\/\\\/integracee.es\\\/gl\\\/#\\\/schema\\\/logo\\\/image\\\/\"},\"sameAs\":[\"https:\\\/\\\/www.facebook.com\\\/integracee\\\/\",\"https:\\\/\\\/x.com\\\/integracee\",\"https:\\\/\\\/www.linkedin.com\\\/company\\\/integra-centro-especial-de-empleo\"]},{\"@type\":\"Person\",\"@id\":\"https:\\\/\\\/integracee.es\\\/gl\\\/#\\\/schema\\\/person\\\/9b0093984b577bd4c501cd3e7cb0e192\",\"name\":\"Virginia Carretero Garc\u00eda\"}]}<\/script>\n<!-- \/ Yoast SEO plugin. -->","yoast_head_json":{"title":"Igualdad y empleo femenino con Motivo del D\u00eda Internacional de la Mujer","description":"Con motivo del D\u00eda Internacional de la Mujer, Integra CEE ha celebrado distintas jornadas de sensibilizaci\u00f3n centradas en visibilizar el empleo femenino y promover la igualdad de oportunidades.","robots":{"index":"index","follow":"follow","max-snippet":"max-snippet:-1","max-image-preview":"max-image-preview:large","max-video-preview":"max-video-preview:-1"},"canonical":"https:\/\/integracee.es\/gl\/noticias\/integra-cee-8m-igualdad-mujer-empleo-femenino\/","og_locale":"gl_ES","og_type":"article","og_title":"Igualdad y empleo femenino con Motivo del D\u00eda Internacional de la Mujer","og_description":"Con motivo del D\u00eda Internacional de la Mujer, Integra CEE ha celebrado distintas jornadas de sensibilizaci\u00f3n centradas en visibilizar el empleo femenino y promover la igualdad de oportunidades.","og_url":"https:\/\/integracee.es\/gl\/noticias\/integra-cee-8m-igualdad-mujer-empleo-femenino\/","og_site_name":"Integra CEE | Centro especial de empleo","article_publisher":"https:\/\/www.facebook.com\/integracee\/","article_published_time":"2026-03-10T11:22:25+00:00","article_modified_time":"2026-03-10T11:36:40+00:00","og_image":[{"width":412,"height":500,"url":"https:\/\/integracee.es\/wp-content\/uploads\/2026\/03\/8M-1.jpg","type":"image\/jpeg"}],"author":"Virginia Carretero Garc\u00eda","twitter_card":"summary_large_image","twitter_creator":"@integracee","twitter_site":"@integracee","twitter_misc":{"Escrito por":"Virginia Carretero Garc\u00eda","Tempo de lectura":"3 minutos"},"schema":{"@context":"https:\/\/schema.org","@graph":[{"@type":"Article","@id":"https:\/\/integracee.es\/gl\/noticias\/integra-cee-8m-igualdad-mujer-empleo-femenino\/#article","isPartOf":{"@id":"https:\/\/integracee.es\/gl\/noticias\/integra-cee-8m-igualdad-mujer-empleo-femenino\/"},"author":{"name":"Virginia Carretero Garc\u00eda","@id":"https:\/\/integracee.es\/gl\/#\/schema\/person\/9b0093984b577bd4c501cd3e7cb0e192"},"headline":"Igualdad y empleo femenino con motivo del D\u00eda Internacional de la Mujer","datePublished":"2026-03-10T11:22:25+00:00","dateModified":"2026-03-10T11:36:40+00:00","mainEntityOfPage":{"@id":"https:\/\/integracee.es\/gl\/noticias\/integra-cee-8m-igualdad-mujer-empleo-femenino\/"},"wordCount":252,"commentCount":0,"publisher":{"@id":"https:\/\/integracee.es\/gl\/#organization"},"image":{"@id":"https:\/\/integracee.es\/gl\/noticias\/integra-cee-8m-igualdad-mujer-empleo-femenino\/#primaryimage"},"thumbnailUrl":"https:\/\/integracee.es\/wp-content\/uploads\/2026\/03\/8M-1.jpg","keywords":["Integra CEE","mujer"],"articleSection":["Noticias"],"inLanguage":"gl-ES","potentialAction":[{"@type":"CommentAction","name":"Comment","target":["https:\/\/integracee.es\/gl\/noticias\/integra-cee-8m-igualdad-mujer-empleo-femenino\/#respond"]}]},{"@type":"WebPage","@id":"https:\/\/integracee.es\/gl\/noticias\/integra-cee-8m-igualdad-mujer-empleo-femenino\/","url":"https:\/\/integracee.es\/gl\/noticias\/integra-cee-8m-igualdad-mujer-empleo-femenino\/","name":"Igualdad y empleo femenino con Motivo del D\u00eda Internacional de la Mujer","isPartOf":{"@id":"https:\/\/integracee.es\/gl\/#website"},"primaryImageOfPage":{"@id":"https:\/\/integracee.es\/gl\/noticias\/integra-cee-8m-igualdad-mujer-empleo-femenino\/#primaryimage"},"image":{"@id":"https:\/\/integracee.es\/gl\/noticias\/integra-cee-8m-igualdad-mujer-empleo-femenino\/#primaryimage"},"thumbnailUrl":"https:\/\/integracee.es\/wp-content\/uploads\/2026\/03\/8M-1.jpg","datePublished":"2026-03-10T11:22:25+00:00","dateModified":"2026-03-10T11:36:40+00:00","description":"Con motivo del D\u00eda Internacional de la Mujer, Integra CEE ha celebrado distintas jornadas de sensibilizaci\u00f3n centradas en visibilizar el empleo femenino y promover la igualdad de oportunidades.","breadcrumb":{"@id":"https:\/\/integracee.es\/gl\/noticias\/integra-cee-8m-igualdad-mujer-empleo-femenino\/#breadcrumb"},"inLanguage":"gl-ES","potentialAction":[{"@type":"ReadAction","target":["https:\/\/integracee.es\/gl\/noticias\/integra-cee-8m-igualdad-mujer-empleo-femenino\/"]}]},{"@type":"ImageObject","inLanguage":"gl-ES","@id":"https:\/\/integracee.es\/gl\/noticias\/integra-cee-8m-igualdad-mujer-empleo-femenino\/#primaryimage","url":"https:\/\/integracee.es\/wp-content\/uploads\/2026\/03\/8M-1.jpg","contentUrl":"https:\/\/integracee.es\/wp-content\/uploads\/2026\/03\/8M-1.jpg","width":412,"height":500,"caption":"Cartel del D\u00eda Internacional de la Mujer con el mensaje \u201cLa igualdad de oportunidades no es opcional\u201d. Incluye una ilustraci\u00f3n con dos opciones: \u201cDesigualdad\u201d sin marcar e \u201cIgualdad\u201d con una casilla marcada en verde por un cursor."},{"@type":"BreadcrumbList","@id":"https:\/\/integracee.es\/gl\/noticias\/integra-cee-8m-igualdad-mujer-empleo-femenino\/#breadcrumb","itemListElement":[{"@type":"ListItem","position":1,"name":"Portada","item":"https:\/\/integracee.es\/gl\/"},{"@type":"ListItem","position":2,"name":"Igualdad y empleo femenino con motivo del D\u00eda Internacional de la Mujer"}]},{"@type":"WebSite","@id":"https:\/\/integracee.es\/gl\/#website","url":"https:\/\/integracee.es\/gl\/","name":"Integra CEE | Centro especial de empleo","description":"Contratamos talento. Promovemos inclusi\u00f3n | Medidas alternativas de empleo inclusivo | Contrataci\u00f3n de personas con discapacidad","publisher":{"@id":"https:\/\/integracee.es\/gl\/#organization"},"potentialAction":[{"@type":"SearchAction","target":{"@type":"EntryPoint","urlTemplate":"https:\/\/integracee.es\/gl\/?s={search_term_string}"},"query-input":{"@type":"PropertyValueSpecification","valueRequired":true,"valueName":"search_term_string"}}],"inLanguage":"gl-ES"},{"@type":"Organization","@id":"https:\/\/integracee.es\/gl\/#organization","name":"Integra CEE | Centro especial de empleo","url":"https:\/\/integracee.es\/gl\/","logo":{"@type":"ImageObject","inLanguage":"gl-ES","@id":"https:\/\/integracee.es\/gl\/#\/schema\/logo\/image\/","url":"https:\/\/integracee.es\/wp-content\/uploads\/2020\/02\/logoBlanco2x-1.png","contentUrl":"https:\/\/integracee.es\/wp-content\/uploads\/2020\/02\/logoBlanco2x-1.png","width":600,"height":235,"caption":"Integra CEE | Centro especial de empleo"},"image":{"@id":"https:\/\/integracee.es\/gl\/#\/schema\/logo\/image\/"},"sameAs":["https:\/\/www.facebook.com\/integracee\/","https:\/\/x.com\/integracee","https:\/\/www.linkedin.com\/company\/integra-centro-especial-de-empleo"]},{"@type":"Person","@id":"https:\/\/integracee.es\/gl\/#\/schema\/person\/9b0093984b577bd4c501cd3e7cb0e192","name":"Virginia Carretero Garc\u00eda"}]}},"_links":{"self":[{"href":"https:\/\/integracee.es\/gl\/wp-json\/wp\/v2\/posts\/23860","targetHints":{"allow":["GET"]}}],"collection":[{"href":"https:\/\/integracee.es\/gl\/wp-json\/wp\/v2\/posts"}],"about":[{"href":"https:\/\/integracee.es\/gl\/wp-json\/wp\/v2\/types\/post"}],"author":[{"embeddable":true,"href":"https:\/\/integracee.es\/gl\/wp-json\/wp\/v2\/users\/22"}],"replies":[{"embeddable":true,"href":"https:\/\/integracee.es\/gl\/wp-json\/wp\/v2\/comments?post=23860"}],"version-history":[{"count":5,"href":"https:\/\/integracee.es\/gl\/wp-json\/wp\/v2\/posts\/23860\/revisions"}],"predecessor-version":[{"id":23893,"href":"https:\/\/integracee.es\/gl\/wp-json\/wp\/v2\/posts\/23860\/revisions\/23893"}],"wp:featuredmedia":[{"embeddable":true,"href":"https:\/\/integracee.es\/gl\/wp-json\/wp\/v2\/media\/23889"}],"wp:attachment":[{"href":"https:\/\/integracee.es\/gl\/wp-json\/wp\/v2\/media?parent=23860"}],"wp:term":[{"taxonomy":"category","embeddable":true,"href":"https:\/\/integracee.es\/gl\/wp-json\/wp\/v2\/categories?post=23860"},{"taxonomy":"post_tag","embeddable":true,"href":"https:\/\/integracee.es\/gl\/wp-json\/wp\/v2\/tags?post=23860"}],"curies":[{"name":"wp","href":"https:\/\/api.w.org\/{rel}","templated":true}]}}